{"id":2433,"date":"2017-11-01T13:28:00","date_gmt":"2017-11-01T13:28:00","guid":{"rendered":"https:\/\/bewehrungstechnik.ch\/?p=2433"},"modified":"2021-06-30T06:32:55","modified_gmt":"2021-06-30T06:32:55","slug":"thomas-liner-nouveau-ceo-du-groupe-debrunner-koenig","status":"publish","type":"post","link":"https:\/\/bewehrungstechnik.ch\/fr\/blog\/thomas-liner-nouveau-ceo-du-groupe-debrunner-koenig\/","title":{"rendered":"Thomas Liner nouveau CEO du groupe Debrunner Koenig"},"content":{"rendered":"\n<p>Ces derni\u00e8res ann\u00e9es, sous la houlette de Philippe Dietziker, le groupe Debrunner Koenig a poursuivi son d\u00e9veloppement avec succ\u00e8s. Face \u00e0 la volatilit\u00e9 des prix de l\u2019acier et \u00e0 une pression accrue sur les marges, ce groupe de n\u00e9goce a op\u00e9r\u00e9 d\u2019importants investissements dans la num\u00e9risation et dans l\u2019automatisation des cha\u00eenes de processus. La construction d\u2019un stock central ultramoderne et l\u2019impl\u00e9mentation d\u2019un nouveau syst\u00e8me ERP ont permis d\u2019augmenter encore le niveau d\u2019efficacit\u00e9, tout en \u00e9toffant l\u2019offre pour les clients.<\/p>\n\n\n\n<p>Avec sa solide exp\u00e9rience des fonctions op\u00e9rationnelles et de conseil dans l\u2019industrie, Thomas Liner est id\u00e9alement arm\u00e9 pour relever les d\u00e9fis qui se profilent \u00e0 l\u2019horizon. Pr\u00e9c\u00e9demment, il a pass\u00e9 dix ans chez B\u00fcchi Labortechnik AG o\u00f9 il a d\u2019abord \u00e9t\u00e9 responsable Operations, puis les 8 derni\u00e8res ann\u00e9es en tant que CEO. Durant cette p\u00e9riode, il a hiss\u00e9 le groupe \u00e0 un niveau sup\u00e9rieur &#8211; en particulier en mati\u00e8re d\u2019expansion internationale et d\u2019optimisation des processus et des structures. Thomas Liner, 48 ans, a d\u00e9but\u00e9 sa carri\u00e8re professionnelle au sein d\u2019une entreprise de conseil, o\u00f9 il a op\u00e9r\u00e9 durant 5 ans \u00e9galement en tant que partenaire. Il dispose d\u2019une formation d\u2019ing\u00e9nieur EPF et d\u2019un MBA de la London Business School.<\/p>\n","protected":false},"excerpt":{"rendered":"<p>Thomas Liner, 48 ans, s&rsquo;est vu confier la direction du groupe Debrunner Koenig \u00e0 Saint-Gall depuis le 1er novembre 2017. Il remplace Philippe Dietziker, qui a quitt\u00e9 ses fonctions \u00e0 la fin du mois d&rsquo;octobre 2017.<\/p>\n","protected":false},"author":5,"featured_media":1212,"comment_status":"open","ping_status":"open","sticky":false,"template":"","format":"standard","meta":{"_acf_changed":false,"footnotes":""},"categories":[56],"tags":[],"class_list":["post-2433","post","type-post","status-publish","format-standard","has-post-thumbnail","","category-groupe"],"acf":[],"yoast_head":"<!-- This site is optimized with the Yoast SEO plugin v27.4 - https:\/\/yoast.com\/product\/yoast-seo-wordpress\/ -->\n<title>Thomas Liner nouveau CEO du groupe Debrunner Koenig - Bewehrungstechnik<\/title>\n<meta name=\"robots\" content=\"index, follow, max-snippet:-1, max-image-preview:large, max-video-preview:-1\" \/>\n<link rel=\"canonical\" href=\"https:\/\/bewehrungstechnik.ch\/fr\/blog\/thomas-liner-nouveau-ceo-du-groupe-debrunner-koenig\/\" \/>\n<meta property=\"og:locale\" content=\"fr_FR\" \/>\n<meta property=\"og:type\" content=\"article\" \/>\n<meta property=\"og:title\" content=\"Thomas Liner nouveau CEO du groupe Debrunner Koenig - Bewehrungstechnik\" \/>\n<meta property=\"og:description\" content=\"Thomas Liner, 48 ans, s&#039;est vu confier la direction du groupe Debrunner Koenig \u00e0 Saint-Gall depuis le 1er novembre 2017. Il remplace Philippe Dietziker, qui a quitt\u00e9 ses fonctions \u00e0 la fin du mois d&#039;octobre 2017.\" \/>\n<meta property=\"og:url\" content=\"https:\/\/bewehrungstechnik.ch\/fr\/blog\/thomas-liner-nouveau-ceo-du-groupe-debrunner-koenig\/\" \/>\n<meta property=\"og:site_name\" content=\"Bewehrungstechnik\" \/>\n<meta property=\"article:published_time\" content=\"2017-11-01T13:28:00+00:00\" \/>\n<meta property=\"article:modified_time\" content=\"2021-06-30T06:32:55+00:00\" \/>\n<meta property=\"og:image\" content=\"https:\/\/bewehrungstechnik.ch\/wp-content\/uploads\/2021\/05\/thomas-liner-debrunner-koenig-gruppe_Text_Image_1024.jpg\" \/>\n\t<meta property=\"og:image:width\" content=\"460\" \/>\n\t<meta property=\"og:image:height\" content=\"518\" \/>\n\t<meta property=\"og:image:type\" content=\"image\/jpeg\" \/>\n<meta name=\"author\" content=\"Gustav Giczi\" \/>\n<meta name=\"twitter:card\" content=\"summary_large_image\" \/>\n<script type=\"application\/ld+json\" class=\"yoast-schema-graph\">{\"@context\":\"https:\\\/\\\/schema.org\",\"@graph\":[{\"@type\":\"Article\",\"@id\":\"https:\\\/\\\/bewehrungstechnik.ch\\\/fr\\\/blog\\\/thomas-liner-nouveau-ceo-du-groupe-debrunner-koenig\\\/#article\",\"isPartOf\":{\"@id\":\"https:\\\/\\\/bewehrungstechnik.ch\\\/fr\\\/blog\\\/thomas-liner-nouveau-ceo-du-groupe-debrunner-koenig\\\/\"},\"author\":{\"name\":\"Gustav Giczi\",\"@id\":\"https:\\\/\\\/bewehrungstechnik.ch\\\/fr\\\/#\\\/schema\\\/person\\\/64209e1a2bc997911729ddc9968405f0\"},\"headline\":\"Thomas Liner nouveau CEO du groupe Debrunner Koenig\",\"datePublished\":\"2017-11-01T13:28:00+00:00\",\"dateModified\":\"2021-06-30T06:32:55+00:00\",\"mainEntityOfPage\":{\"@id\":\"https:\\\/\\\/bewehrungstechnik.ch\\\/fr\\\/blog\\\/thomas-liner-nouveau-ceo-du-groupe-debrunner-koenig\\\/\"},\"wordCount\":243,\"commentCount\":0,\"publisher\":{\"@id\":\"https:\\\/\\\/bewehrungstechnik.ch\\\/fr\\\/#organization\"},\"image\":{\"@id\":\"https:\\\/\\\/bewehrungstechnik.ch\\\/fr\\\/blog\\\/thomas-liner-nouveau-ceo-du-groupe-debrunner-koenig\\\/#primaryimage\"},\"thumbnailUrl\":\"https:\\\/\\\/bewehrungstechnik.ch\\\/wp-content\\\/uploads\\\/2021\\\/05\\\/thomas-liner-debrunner-koenig-gruppe_Text_Image_1024.jpg\",\"articleSection\":[\"Groupe\"],\"inLanguage\":\"fr-FR\"},{\"@type\":\"WebPage\",\"@id\":\"https:\\\/\\\/bewehrungstechnik.ch\\\/fr\\\/blog\\\/thomas-liner-nouveau-ceo-du-groupe-debrunner-koenig\\\/\",\"url\":\"https:\\\/\\\/bewehrungstechnik.ch\\\/fr\\\/blog\\\/thomas-liner-nouveau-ceo-du-groupe-debrunner-koenig\\\/\",\"name\":\"Thomas Liner nouveau CEO du groupe Debrunner Koenig - Bewehrungstechnik\",\"isPartOf\":{\"@id\":\"https:\\\/\\\/bewehrungstechnik.ch\\\/fr\\\/#website\"},\"primaryImageOfPage\":{\"@id\":\"https:\\\/\\\/bewehrungstechnik.ch\\\/fr\\\/blog\\\/thomas-liner-nouveau-ceo-du-groupe-debrunner-koenig\\\/#primaryimage\"},\"image\":{\"@id\":\"https:\\\/\\\/bewehrungstechnik.ch\\\/fr\\\/blog\\\/thomas-liner-nouveau-ceo-du-groupe-debrunner-koenig\\\/#primaryimage\"},\"thumbnailUrl\":\"https:\\\/\\\/bewehrungstechnik.ch\\\/wp-content\\\/uploads\\\/2021\\\/05\\\/thomas-liner-debrunner-koenig-gruppe_Text_Image_1024.jpg\",\"datePublished\":\"2017-11-01T13:28:00+00:00\",\"dateModified\":\"2021-06-30T06:32:55+00:00\",\"breadcrumb\":{\"@id\":\"https:\\\/\\\/bewehrungstechnik.ch\\\/fr\\\/blog\\\/thomas-liner-nouveau-ceo-du-groupe-debrunner-koenig\\\/#breadcrumb\"},\"inLanguage\":\"fr-FR\",\"potentialAction\":[{\"@type\":\"ReadAction\",\"target\":[\"https:\\\/\\\/bewehrungstechnik.ch\\\/fr\\\/blog\\\/thomas-liner-nouveau-ceo-du-groupe-debrunner-koenig\\\/\"]}]},{\"@type\":\"ImageObject\",\"inLanguage\":\"fr-FR\",\"@id\":\"https:\\\/\\\/bewehrungstechnik.ch\\\/fr\\\/blog\\\/thomas-liner-nouveau-ceo-du-groupe-debrunner-koenig\\\/#primaryimage\",\"url\":\"https:\\\/\\\/bewehrungstechnik.ch\\\/wp-content\\\/uploads\\\/2021\\\/05\\\/thomas-liner-debrunner-koenig-gruppe_Text_Image_1024.jpg\",\"contentUrl\":\"https:\\\/\\\/bewehrungstechnik.ch\\\/wp-content\\\/uploads\\\/2021\\\/05\\\/thomas-liner-debrunner-koenig-gruppe_Text_Image_1024.jpg\",\"width\":460,\"height\":518},{\"@type\":\"BreadcrumbList\",\"@id\":\"https:\\\/\\\/bewehrungstechnik.ch\\\/fr\\\/blog\\\/thomas-liner-nouveau-ceo-du-groupe-debrunner-koenig\\\/#breadcrumb\",\"itemListElement\":[{\"@type\":\"ListItem\",\"position\":1,\"name\":\"Home\",\"item\":\"https:\\\/\\\/bewehrungstechnik.ch\\\/fr\\\/\"},{\"@type\":\"ListItem\",\"position\":2,\"name\":\"Thomas Liner nouveau CEO du groupe Debrunner Koenig\"}]},{\"@type\":\"WebSite\",\"@id\":\"https:\\\/\\\/bewehrungstechnik.ch\\\/fr\\\/#website\",\"url\":\"https:\\\/\\\/bewehrungstechnik.ch\\\/fr\\\/\",\"name\":\"Bewehrungstechnik\",\"description\":\"Just another WordPress site\",\"publisher\":{\"@id\":\"https:\\\/\\\/bewehrungstechnik.ch\\\/fr\\\/#organization\"},\"potentialAction\":[{\"@type\":\"SearchAction\",\"target\":{\"@type\":\"EntryPoint\",\"urlTemplate\":\"https:\\\/\\\/bewehrungstechnik.ch\\\/fr\\\/?s={search_term_string}\"},\"query-input\":{\"@type\":\"PropertyValueSpecification\",\"valueRequired\":true,\"valueName\":\"search_term_string\"}}],\"inLanguage\":\"fr-FR\"},{\"@type\":\"Organization\",\"@id\":\"https:\\\/\\\/bewehrungstechnik.ch\\\/fr\\\/#organization\",\"name\":\"Bewehrungstechnik\",\"url\":\"https:\\\/\\\/bewehrungstechnik.ch\\\/fr\\\/\",\"logo\":{\"@type\":\"ImageObject\",\"inLanguage\":\"fr-FR\",\"@id\":\"https:\\\/\\\/bewehrungstechnik.ch\\\/fr\\\/#\\\/schema\\\/logo\\\/image\\\/\",\"url\":\"https:\\\/\\\/bewehrungstechnik.ch\\\/wp-content\\\/uploads\\\/2021\\\/03\\\/logo.svg\",\"contentUrl\":\"https:\\\/\\\/bewehrungstechnik.ch\\\/wp-content\\\/uploads\\\/2021\\\/03\\\/logo.svg\",\"width\":436,\"height\":436,\"caption\":\"Bewehrungstechnik\"},\"image\":{\"@id\":\"https:\\\/\\\/bewehrungstechnik.ch\\\/fr\\\/#\\\/schema\\\/logo\\\/image\\\/\"}},{\"@type\":\"Person\",\"@id\":\"https:\\\/\\\/bewehrungstechnik.ch\\\/fr\\\/#\\\/schema\\\/person\\\/64209e1a2bc997911729ddc9968405f0\",\"name\":\"Gustav Giczi\",\"image\":{\"@type\":\"ImageObject\",\"inLanguage\":\"fr-FR\",\"@id\":\"https:\\\/\\\/secure.gravatar.com\\\/avatar\\\/95c621c79fd1fe3cf3fcb49a07d6a2caa12003d0108d92bf4f3962b90a8e1f5f?s=96&d=mm&r=g\",\"url\":\"https:\\\/\\\/secure.gravatar.com\\\/avatar\\\/95c621c79fd1fe3cf3fcb49a07d6a2caa12003d0108d92bf4f3962b90a8e1f5f?s=96&d=mm&r=g\",\"contentUrl\":\"https:\\\/\\\/secure.gravatar.com\\\/avatar\\\/95c621c79fd1fe3cf3fcb49a07d6a2caa12003d0108d92bf4f3962b90a8e1f5f?s=96&d=mm&r=g\",\"caption\":\"Gustav Giczi\"},\"description\":\"Technischer Berater\"}]}<\/script>\n<!-- \/ Yoast SEO plugin. -->","yoast_head_json":{"title":"Thomas Liner nouveau CEO du groupe Debrunner Koenig - Bewehrungstechnik","robots":{"index":"index","follow":"follow","max-snippet":"max-snippet:-1","max-image-preview":"max-image-preview:large","max-video-preview":"max-video-preview:-1"},"canonical":"https:\/\/bewehrungstechnik.ch\/fr\/blog\/thomas-liner-nouveau-ceo-du-groupe-debrunner-koenig\/","og_locale":"fr_FR","og_type":"article","og_title":"Thomas Liner nouveau CEO du groupe Debrunner Koenig - Bewehrungstechnik","og_description":"Thomas Liner, 48 ans, s'est vu confier la direction du groupe Debrunner Koenig \u00e0 Saint-Gall depuis le 1er novembre 2017. Il remplace Philippe Dietziker, qui a quitt\u00e9 ses fonctions \u00e0 la fin du mois d'octobre 2017.","og_url":"https:\/\/bewehrungstechnik.ch\/fr\/blog\/thomas-liner-nouveau-ceo-du-groupe-debrunner-koenig\/","og_site_name":"Bewehrungstechnik","article_published_time":"2017-11-01T13:28:00+00:00","article_modified_time":"2021-06-30T06:32:55+00:00","og_image":[{"width":460,"height":518,"url":"https:\/\/bewehrungstechnik.ch\/wp-content\/uploads\/2021\/05\/thomas-liner-debrunner-koenig-gruppe_Text_Image_1024.jpg","type":"image\/jpeg"}],"author":"Gustav Giczi","twitter_card":"summary_large_image","schema":{"@context":"https:\/\/schema.org","@graph":[{"@type":"Article","@id":"https:\/\/bewehrungstechnik.ch\/fr\/blog\/thomas-liner-nouveau-ceo-du-groupe-debrunner-koenig\/#article","isPartOf":{"@id":"https:\/\/bewehrungstechnik.ch\/fr\/blog\/thomas-liner-nouveau-ceo-du-groupe-debrunner-koenig\/"},"author":{"name":"Gustav Giczi","@id":"https:\/\/bewehrungstechnik.ch\/fr\/#\/schema\/person\/64209e1a2bc997911729ddc9968405f0"},"headline":"Thomas Liner nouveau CEO du groupe Debrunner Koenig","datePublished":"2017-11-01T13:28:00+00:00","dateModified":"2021-06-30T06:32:55+00:00","mainEntityOfPage":{"@id":"https:\/\/bewehrungstechnik.ch\/fr\/blog\/thomas-liner-nouveau-ceo-du-groupe-debrunner-koenig\/"},"wordCount":243,"commentCount":0,"publisher":{"@id":"https:\/\/bewehrungstechnik.ch\/fr\/#organization"},"image":{"@id":"https:\/\/bewehrungstechnik.ch\/fr\/blog\/thomas-liner-nouveau-ceo-du-groupe-debrunner-koenig\/#primaryimage"},"thumbnailUrl":"https:\/\/bewehrungstechnik.ch\/wp-content\/uploads\/2021\/05\/thomas-liner-debrunner-koenig-gruppe_Text_Image_1024.jpg","articleSection":["Groupe"],"inLanguage":"fr-FR"},{"@type":"WebPage","@id":"https:\/\/bewehrungstechnik.ch\/fr\/blog\/thomas-liner-nouveau-ceo-du-groupe-debrunner-koenig\/","url":"https:\/\/bewehrungstechnik.ch\/fr\/blog\/thomas-liner-nouveau-ceo-du-groupe-debrunner-koenig\/","name":"Thomas Liner nouveau CEO du groupe Debrunner Koenig - Bewehrungstechnik","isPartOf":{"@id":"https:\/\/bewehrungstechnik.ch\/fr\/#website"},"primaryImageOfPage":{"@id":"https:\/\/bewehrungstechnik.ch\/fr\/blog\/thomas-liner-nouveau-ceo-du-groupe-debrunner-koenig\/#primaryimage"},"image":{"@id":"https:\/\/bewehrungstechnik.ch\/fr\/blog\/thomas-liner-nouveau-ceo-du-groupe-debrunner-koenig\/#primaryimage"},"thumbnailUrl":"https:\/\/bewehrungstechnik.ch\/wp-content\/uploads\/2021\/05\/thomas-liner-debrunner-koenig-gruppe_Text_Image_1024.jpg","datePublished":"2017-11-01T13:28:00+00:00","dateModified":"2021-06-30T06:32:55+00:00","breadcrumb":{"@id":"https:\/\/bewehrungstechnik.ch\/fr\/blog\/thomas-liner-nouveau-ceo-du-groupe-debrunner-koenig\/#breadcrumb"},"inLanguage":"fr-FR","potentialAction":[{"@type":"ReadAction","target":["https:\/\/bewehrungstechnik.ch\/fr\/blog\/thomas-liner-nouveau-ceo-du-groupe-debrunner-koenig\/"]}]},{"@type":"ImageObject","inLanguage":"fr-FR","@id":"https:\/\/bewehrungstechnik.ch\/fr\/blog\/thomas-liner-nouveau-ceo-du-groupe-debrunner-koenig\/#primaryimage","url":"https:\/\/bewehrungstechnik.ch\/wp-content\/uploads\/2021\/05\/thomas-liner-debrunner-koenig-gruppe_Text_Image_1024.jpg","contentUrl":"https:\/\/bewehrungstechnik.ch\/wp-content\/uploads\/2021\/05\/thomas-liner-debrunner-koenig-gruppe_Text_Image_1024.jpg","width":460,"height":518},{"@type":"BreadcrumbList","@id":"https:\/\/bewehrungstechnik.ch\/fr\/blog\/thomas-liner-nouveau-ceo-du-groupe-debrunner-koenig\/#breadcrumb","itemListElement":[{"@type":"ListItem","position":1,"name":"Home","item":"https:\/\/bewehrungstechnik.ch\/fr\/"},{"@type":"ListItem","position":2,"name":"Thomas Liner nouveau CEO du groupe Debrunner Koenig"}]},{"@type":"WebSite","@id":"https:\/\/bewehrungstechnik.ch\/fr\/#website","url":"https:\/\/bewehrungstechnik.ch\/fr\/","name":"Bewehrungstechnik","description":"Just another WordPress site","publisher":{"@id":"https:\/\/bewehrungstechnik.ch\/fr\/#organization"},"potentialAction":[{"@type":"SearchAction","target":{"@type":"EntryPoint","urlTemplate":"https:\/\/bewehrungstechnik.ch\/fr\/?s={search_term_string}"},"query-input":{"@type":"PropertyValueSpecification","valueRequired":true,"valueName":"search_term_string"}}],"inLanguage":"fr-FR"},{"@type":"Organization","@id":"https:\/\/bewehrungstechnik.ch\/fr\/#organization","name":"Bewehrungstechnik","url":"https:\/\/bewehrungstechnik.ch\/fr\/","logo":{"@type":"ImageObject","inLanguage":"fr-FR","@id":"https:\/\/bewehrungstechnik.ch\/fr\/#\/schema\/logo\/image\/","url":"https:\/\/bewehrungstechnik.ch\/wp-content\/uploads\/2021\/03\/logo.svg","contentUrl":"https:\/\/bewehrungstechnik.ch\/wp-content\/uploads\/2021\/03\/logo.svg","width":436,"height":436,"caption":"Bewehrungstechnik"},"image":{"@id":"https:\/\/bewehrungstechnik.ch\/fr\/#\/schema\/logo\/image\/"}},{"@type":"Person","@id":"https:\/\/bewehrungstechnik.ch\/fr\/#\/schema\/person\/64209e1a2bc997911729ddc9968405f0","name":"Gustav Giczi","image":{"@type":"ImageObject","inLanguage":"fr-FR","@id":"https:\/\/secure.gravatar.com\/avatar\/95c621c79fd1fe3cf3fcb49a07d6a2caa12003d0108d92bf4f3962b90a8e1f5f?s=96&d=mm&r=g","url":"https:\/\/secure.gravatar.com\/avatar\/95c621c79fd1fe3cf3fcb49a07d6a2caa12003d0108d92bf4f3962b90a8e1f5f?s=96&d=mm&r=g","contentUrl":"https:\/\/secure.gravatar.com\/avatar\/95c621c79fd1fe3cf3fcb49a07d6a2caa12003d0108d92bf4f3962b90a8e1f5f?s=96&d=mm&r=g","caption":"Gustav Giczi"},"description":"Technischer Berater"}]}},"_links":{"self":[{"href":"https:\/\/bewehrungstechnik.ch\/fr\/wp-json\/wp\/v2\/posts\/2433","targetHints":{"allow":["GET"]}}],"collection":[{"href":"https:\/\/bewehrungstechnik.ch\/fr\/wp-json\/wp\/v2\/posts"}],"about":[{"href":"https:\/\/bewehrungstechnik.ch\/fr\/wp-json\/wp\/v2\/types\/post"}],"author":[{"embeddable":true,"href":"https:\/\/bewehrungstechnik.ch\/fr\/wp-json\/wp\/v2\/users\/5"}],"replies":[{"embeddable":true,"href":"https:\/\/bewehrungstechnik.ch\/fr\/wp-json\/wp\/v2\/comments?post=2433"}],"version-history":[{"count":5,"href":"https:\/\/bewehrungstechnik.ch\/fr\/wp-json\/wp\/v2\/posts\/2433\/revisions"}],"predecessor-version":[{"id":3903,"href":"https:\/\/bewehrungstechnik.ch\/fr\/wp-json\/wp\/v2\/posts\/2433\/revisions\/3903"}],"wp:featuredmedia":[{"embeddable":true,"href":"https:\/\/bewehrungstechnik.ch\/fr\/wp-json\/wp\/v2\/media\/1212"}],"wp:attachment":[{"href":"https:\/\/bewehrungstechnik.ch\/fr\/wp-json\/wp\/v2\/media?parent=2433"}],"wp:term":[{"taxonomy":"category","embeddable":true,"href":"https:\/\/bewehrungstechnik.ch\/fr\/wp-json\/wp\/v2\/categories?post=2433"},{"taxonomy":"post_tag","embeddable":true,"href":"https:\/\/bewehrungstechnik.ch\/fr\/wp-json\/wp\/v2\/tags?post=2433"}],"curies":[{"name":"wp","href":"https:\/\/api.w.org\/{rel}","templated":true}]}}